{"id":1876,"date":"2024-11-13T14:10:02","date_gmt":"2024-11-13T13:10:02","guid":{"rendered":"https:\/\/www.altanart.cz\/atelierradostnetvorby\/?p=1876"},"modified":"2024-11-13T14:12:41","modified_gmt":"2024-11-13T13:12:41","slug":"1876","status":"publish","type":"post","link":"https:\/\/www.altanart.cz\/atelierradostnetvorby\/2024\/11\/13\/1876\/","title":{"rendered":"V\u00fdstava Ivety Horv\u00e1thov\u00e9 v caf\u00e9 NONA na Nov\u00e9 sc\u00e9n\u011b N\u00e1rodn\u00edho divadla do 31.12. Vernis\u00e1\u017e 18.11. v 19:00."},"content":{"rendered":"\n<p><\/p>\n\n\n\n<div class=\"wp-block-cover is-layout-flow wp-block-cover-is-layout-flow\"><span aria-hidden=\"true\" class=\"wp-block-cover__background has-background-dim\"><\/span><img loading=\"lazy\" decoding=\"async\" width=\"724\" height=\"1024\" class=\"wp-block-cover__image-background wp-image-1877\" alt=\"\" src=\"https:\/\/www.altanart.cz\/atelierradostnetvorby\/wp-content\/uploads\/2024\/11\/Artboard-1-copy-724x1024.jpg\" data-object-fit=\"cover\" srcset=\"https:\/\/www.altanart.cz\/atelierradostnetvorby\/wp-content\/uploads\/2024\/11\/Artboard-1-copy-724x1024.jpg 724w, https:\/\/www.altanart.cz\/atelierradostnetvorby\/wp-content\/uploads\/2024\/11\/Artboard-1-copy-212x300.jpg 212w, https:\/\/www.altanart.cz\/atelierradostnetvorby\/wp-content\/uploads\/2024\/11\/Artboard-1-copy-768x1086.jpg 768w, https:\/\/www.altanart.cz\/atelierradostnetvorby\/wp-content\/uploads\/2024\/11\/Artboard-1-copy-42x60.jpg 42w, https:\/\/www.altanart.cz\/atelierradostnetvorby\/wp-content\/uploads\/2024\/11\/Artboard-1-copy.jpg 842w\" sizes=\"auto, (max-width: 724px) 100vw, 724px\" \/><div class=\"wp-block-cover__inner-container\"><\/div><\/div>\n","protected":false},"excerpt":{"rendered":"","protected":false},"author":2,"featured_media":0,"comment_status":"closed","ping_status":"closed","sticky":false,"template":"","format":"standard","meta":{"inline_featured_image":false,"ngg_post_thumbnail":0,"footnotes":""},"categories":[1],"tags":[],"class_list":["post-1876","post","type-post","status-publish","format-standard","hentry","category-nezarazene"],"yoast_head":"<!-- This site is optimized with the Yoast SEO plugin v22.7 - https:\/\/yoast.com\/wordpress\/plugins\/seo\/ -->\n<title>V\u00fdstava Ivety Horv\u00e1thov\u00e9 v caf\u00e9 NONA na Nov\u00e9 sc\u00e9n\u011b N\u00e1rodn\u00edho divadla do 31.12. Vernis\u00e1\u017e 18.11. v 19:00. - Ateli\u00e9r radostn\u00e9 tvorby<\/title>\n<meta name=\"description\" content=\"Zaj\u00edm\u00e1te se o art brut a hled\u00e1te sou\u010dasn\u00e9 \u010desk\u00e9 autory, kte\u0159\u00ed jsou dostate\u010dn\u011b zaj\u00edmav\u00ed a autenti\u010dt\u00ed, aby mohli b\u00fdt k art brut p\u0159i\u0159azeni? Hledejte je u n\u00e1s.\" \/>\n<meta name=\"robots\" content=\"index, follow, max-snippet:-1, max-image-preview:large, max-video-preview:-1\" \/>\n<link rel=\"canonical\" href=\"https:\/\/www.altanart.cz\/atelierradostnetvorby\/2024\/11\/13\/1876\/\" \/>\n<meta property=\"og:locale\" content=\"cs_CZ\" \/>\n<meta property=\"og:type\" content=\"article\" \/>\n<meta property=\"og:title\" content=\"V\u00fdstava Ivety Horv\u00e1thov\u00e9 v caf\u00e9 NONA na Nov\u00e9 sc\u00e9n\u011b N\u00e1rodn\u00edho divadla do 31.12. Vernis\u00e1\u017e 18.11. v 19:00. - Ateli\u00e9r radostn\u00e9 tvorby\" \/>\n<meta property=\"og:description\" content=\"Zaj\u00edm\u00e1te se o art brut a hled\u00e1te sou\u010dasn\u00e9 \u010desk\u00e9 autory, kte\u0159\u00ed jsou dostate\u010dn\u011b zaj\u00edmav\u00ed a autenti\u010dt\u00ed, aby mohli b\u00fdt k art brut p\u0159i\u0159azeni? Hledejte je u n\u00e1s.\" \/>\n<meta property=\"og:url\" content=\"https:\/\/www.altanart.cz\/atelierradostnetvorby\/2024\/11\/13\/1876\/\" \/>\n<meta property=\"og:site_name\" content=\"Ateli\u00e9r radostn\u00e9 tvorby\" \/>\n<meta property=\"article:published_time\" content=\"2024-11-13T13:10:02+00:00\" \/>\n<meta property=\"article:modified_time\" content=\"2024-11-13T13:12:41+00:00\" \/>\n<meta property=\"og:image\" content=\"https:\/\/www.altanart.cz\/atelierradostnetvorby\/wp-content\/uploads\/2024\/11\/Artboard-1-copy-724x1024.jpg\" \/>\n<meta name=\"author\" content=\"spravce-art\" \/>\n<meta name=\"twitter:card\" content=\"summary_large_image\" \/>\n<meta name=\"twitter:label1\" content=\"Napsal(a)\" \/>\n\t<meta name=\"twitter:data1\" content=\"spravce-art\" \/>\n\t<meta name=\"twitter:label2\" content=\"Odhadovan\u00e1 doba \u010dten\u00ed\" \/>\n\t<meta name=\"twitter:data2\" content=\"1 minuta\" \/>\n<script type=\"application\/ld+json\" class=\"yoast-schema-graph\">{\"@context\":\"https:\/\/schema.org\",\"@graph\":[{\"@type\":\"Article\",\"@id\":\"https:\/\/www.altanart.cz\/atelierradostnetvorby\/2024\/11\/13\/1876\/#article\",\"isPartOf\":{\"@id\":\"https:\/\/www.altanart.cz\/atelierradostnetvorby\/2024\/11\/13\/1876\/\"},\"author\":{\"name\":\"spravce-art\",\"@id\":\"https:\/\/www.altanart.cz\/atelierradostnetvorby\/#\/schema\/person\/0b02fd8fdf6a78e7465c4ddfab9d5b3b\"},\"headline\":\"V\u00fdstava Ivety Horv\u00e1thov\u00e9 v caf\u00e9 NONA na Nov\u00e9 sc\u00e9n\u011b N\u00e1rodn\u00edho divadla do 31.12. Vernis\u00e1\u017e 18.11. v 19:00.\",\"datePublished\":\"2024-11-13T13:10:02+00:00\",\"dateModified\":\"2024-11-13T13:12:41+00:00\",\"mainEntityOfPage\":{\"@id\":\"https:\/\/www.altanart.cz\/atelierradostnetvorby\/2024\/11\/13\/1876\/\"},\"wordCount\":19,\"publisher\":{\"@id\":\"https:\/\/www.altanart.cz\/atelierradostnetvorby\/#organization\"},\"image\":{\"@id\":\"https:\/\/www.altanart.cz\/atelierradostnetvorby\/2024\/11\/13\/1876\/#primaryimage\"},\"thumbnailUrl\":\"https:\/\/www.altanart.cz\/atelierradostnetvorby\/wp-content\/uploads\/2024\/11\/Artboard-1-copy-724x1024.jpg\",\"inLanguage\":\"cs\"},{\"@type\":\"WebPage\",\"@id\":\"https:\/\/www.altanart.cz\/atelierradostnetvorby\/2024\/11\/13\/1876\/\",\"url\":\"https:\/\/www.altanart.cz\/atelierradostnetvorby\/2024\/11\/13\/1876\/\",\"name\":\"V\u00fdstava Ivety Horv\u00e1thov\u00e9 v caf\u00e9 NONA na Nov\u00e9 sc\u00e9n\u011b N\u00e1rodn\u00edho divadla do 31.12. Vernis\u00e1\u017e 18.11. v 19:00. - Ateli\u00e9r radostn\u00e9 tvorby\",\"isPartOf\":{\"@id\":\"https:\/\/www.altanart.cz\/atelierradostnetvorby\/#website\"},\"primaryImageOfPage\":{\"@id\":\"https:\/\/www.altanart.cz\/atelierradostnetvorby\/2024\/11\/13\/1876\/#primaryimage\"},\"image\":{\"@id\":\"https:\/\/www.altanart.cz\/atelierradostnetvorby\/2024\/11\/13\/1876\/#primaryimage\"},\"thumbnailUrl\":\"https:\/\/www.altanart.cz\/atelierradostnetvorby\/wp-content\/uploads\/2024\/11\/Artboard-1-copy-724x1024.jpg\",\"datePublished\":\"2024-11-13T13:10:02+00:00\",\"dateModified\":\"2024-11-13T13:12:41+00:00\",\"description\":\"Zaj\u00edm\u00e1te se o art brut a hled\u00e1te sou\u010dasn\u00e9 \u010desk\u00e9 autory, kte\u0159\u00ed jsou dostate\u010dn\u011b zaj\u00edmav\u00ed a autenti\u010dt\u00ed, aby mohli b\u00fdt k art brut p\u0159i\u0159azeni? Hledejte je u n\u00e1s.\",\"breadcrumb\":{\"@id\":\"https:\/\/www.altanart.cz\/atelierradostnetvorby\/2024\/11\/13\/1876\/#breadcrumb\"},\"inLanguage\":\"cs\",\"potentialAction\":[{\"@type\":\"ReadAction\",\"target\":[\"https:\/\/www.altanart.cz\/atelierradostnetvorby\/2024\/11\/13\/1876\/\"]}]},{\"@type\":\"ImageObject\",\"inLanguage\":\"cs\",\"@id\":\"https:\/\/www.altanart.cz\/atelierradostnetvorby\/2024\/11\/13\/1876\/#primaryimage\",\"url\":\"https:\/\/www.altanart.cz\/atelierradostnetvorby\/wp-content\/uploads\/2024\/11\/Artboard-1-copy.jpg\",\"contentUrl\":\"https:\/\/www.altanart.cz\/atelierradostnetvorby\/wp-content\/uploads\/2024\/11\/Artboard-1-copy.jpg\",\"width\":842,\"height\":1191},{\"@type\":\"BreadcrumbList\",\"@id\":\"https:\/\/www.altanart.cz\/atelierradostnetvorby\/2024\/11\/13\/1876\/#breadcrumb\",\"itemListElement\":[{\"@type\":\"ListItem\",\"position\":1,\"name\":\"Dom\u016f\",\"item\":\"https:\/\/www.altanart.cz\/atelierradostnetvorby\/\"},{\"@type\":\"ListItem\",\"position\":2,\"name\":\"V\u00fdstava Ivety Horv\u00e1thov\u00e9 v caf\u00e9 NONA na Nov\u00e9 sc\u00e9n\u011b N\u00e1rodn\u00edho divadla do 31.12. Vernis\u00e1\u017e 18.11. v 19:00.\"}]},{\"@type\":\"WebSite\",\"@id\":\"https:\/\/www.altanart.cz\/atelierradostnetvorby\/#website\",\"url\":\"https:\/\/www.altanart.cz\/atelierradostnetvorby\/\",\"name\":\"Ateli\u00e9r radostn\u00e9 tvorby\",\"description\":\"\",\"publisher\":{\"@id\":\"https:\/\/www.altanart.cz\/atelierradostnetvorby\/#organization\"},\"potentialAction\":[{\"@type\":\"SearchAction\",\"target\":{\"@type\":\"EntryPoint\",\"urlTemplate\":\"https:\/\/www.altanart.cz\/atelierradostnetvorby\/?s={search_term_string}\"},\"query-input\":\"required name=search_term_string\"}],\"inLanguage\":\"cs\"},{\"@type\":\"Organization\",\"@id\":\"https:\/\/www.altanart.cz\/atelierradostnetvorby\/#organization\",\"name\":\"Ateli\u00e9r radostn\u00e9 tvorby\",\"url\":\"https:\/\/www.altanart.cz\/atelierradostnetvorby\/\",\"logo\":{\"@type\":\"ImageObject\",\"inLanguage\":\"cs\",\"@id\":\"https:\/\/www.altanart.cz\/atelierradostnetvorby\/#\/schema\/logo\/image\/\",\"url\":\"https:\/\/www.altanart.cz\/atelierradostnetvorby\/wp-content\/uploads\/2021\/07\/atelier-radostne-tvorby-logo.jpg\",\"contentUrl\":\"https:\/\/www.altanart.cz\/atelierradostnetvorby\/wp-content\/uploads\/2021\/07\/atelier-radostne-tvorby-logo.jpg\",\"width\":1121,\"height\":485,\"caption\":\"Ateli\u00e9r radostn\u00e9 tvorby\"},\"image\":{\"@id\":\"https:\/\/www.altanart.cz\/atelierradostnetvorby\/#\/schema\/logo\/image\/\"}},{\"@type\":\"Person\",\"@id\":\"https:\/\/www.altanart.cz\/atelierradostnetvorby\/#\/schema\/person\/0b02fd8fdf6a78e7465c4ddfab9d5b3b\",\"name\":\"spravce-art\",\"image\":{\"@type\":\"ImageObject\",\"inLanguage\":\"cs\",\"@id\":\"https:\/\/www.altanart.cz\/atelierradostnetvorby\/#\/schema\/person\/image\/\",\"url\":\"https:\/\/secure.gravatar.com\/avatar\/f2ba849a41ec539d582ef685d9e307c5d0e7ff90758ffb67860201d9a806280b?s=96&d=mm&r=g\",\"contentUrl\":\"https:\/\/secure.gravatar.com\/avatar\/f2ba849a41ec539d582ef685d9e307c5d0e7ff90758ffb67860201d9a806280b?s=96&d=mm&r=g\",\"caption\":\"spravce-art\"},\"url\":\"https:\/\/www.altanart.cz\/atelierradostnetvorby\/author\/spravce-art\/\"}]}<\/script>\n<!-- \/ Yoast SEO plugin. -->","yoast_head_json":{"title":"V\u00fdstava Ivety Horv\u00e1thov\u00e9 v caf\u00e9 NONA na Nov\u00e9 sc\u00e9n\u011b N\u00e1rodn\u00edho divadla do 31.12. Vernis\u00e1\u017e 18.11. v 19:00. - Ateli\u00e9r radostn\u00e9 tvorby","description":"Zaj\u00edm\u00e1te se o art brut a hled\u00e1te sou\u010dasn\u00e9 \u010desk\u00e9 autory, kte\u0159\u00ed jsou dostate\u010dn\u011b zaj\u00edmav\u00ed a autenti\u010dt\u00ed, aby mohli b\u00fdt k art brut p\u0159i\u0159azeni? Hledejte je u n\u00e1s.","robots":{"index":"index","follow":"follow","max-snippet":"max-snippet:-1","max-image-preview":"max-image-preview:large","max-video-preview":"max-video-preview:-1"},"canonical":"https:\/\/www.altanart.cz\/atelierradostnetvorby\/2024\/11\/13\/1876\/","og_locale":"cs_CZ","og_type":"article","og_title":"V\u00fdstava Ivety Horv\u00e1thov\u00e9 v caf\u00e9 NONA na Nov\u00e9 sc\u00e9n\u011b N\u00e1rodn\u00edho divadla do 31.12. Vernis\u00e1\u017e 18.11. v 19:00. - Ateli\u00e9r radostn\u00e9 tvorby","og_description":"Zaj\u00edm\u00e1te se o art brut a hled\u00e1te sou\u010dasn\u00e9 \u010desk\u00e9 autory, kte\u0159\u00ed jsou dostate\u010dn\u011b zaj\u00edmav\u00ed a autenti\u010dt\u00ed, aby mohli b\u00fdt k art brut p\u0159i\u0159azeni? Hledejte je u n\u00e1s.","og_url":"https:\/\/www.altanart.cz\/atelierradostnetvorby\/2024\/11\/13\/1876\/","og_site_name":"Ateli\u00e9r radostn\u00e9 tvorby","article_published_time":"2024-11-13T13:10:02+00:00","article_modified_time":"2024-11-13T13:12:41+00:00","og_image":[{"url":"https:\/\/www.altanart.cz\/atelierradostnetvorby\/wp-content\/uploads\/2024\/11\/Artboard-1-copy-724x1024.jpg"}],"author":"spravce-art","twitter_card":"summary_large_image","twitter_misc":{"Napsal(a)":"spravce-art","Odhadovan\u00e1 doba \u010dten\u00ed":"1 minuta"},"schema":{"@context":"https:\/\/schema.org","@graph":[{"@type":"Article","@id":"https:\/\/www.altanart.cz\/atelierradostnetvorby\/2024\/11\/13\/1876\/#article","isPartOf":{"@id":"https:\/\/www.altanart.cz\/atelierradostnetvorby\/2024\/11\/13\/1876\/"},"author":{"name":"spravce-art","@id":"https:\/\/www.altanart.cz\/atelierradostnetvorby\/#\/schema\/person\/0b02fd8fdf6a78e7465c4ddfab9d5b3b"},"headline":"V\u00fdstava Ivety Horv\u00e1thov\u00e9 v caf\u00e9 NONA na Nov\u00e9 sc\u00e9n\u011b N\u00e1rodn\u00edho divadla do 31.12. Vernis\u00e1\u017e 18.11. v 19:00.","datePublished":"2024-11-13T13:10:02+00:00","dateModified":"2024-11-13T13:12:41+00:00","mainEntityOfPage":{"@id":"https:\/\/www.altanart.cz\/atelierradostnetvorby\/2024\/11\/13\/1876\/"},"wordCount":19,"publisher":{"@id":"https:\/\/www.altanart.cz\/atelierradostnetvorby\/#organization"},"image":{"@id":"https:\/\/www.altanart.cz\/atelierradostnetvorby\/2024\/11\/13\/1876\/#primaryimage"},"thumbnailUrl":"https:\/\/www.altanart.cz\/atelierradostnetvorby\/wp-content\/uploads\/2024\/11\/Artboard-1-copy-724x1024.jpg","inLanguage":"cs"},{"@type":"WebPage","@id":"https:\/\/www.altanart.cz\/atelierradostnetvorby\/2024\/11\/13\/1876\/","url":"https:\/\/www.altanart.cz\/atelierradostnetvorby\/2024\/11\/13\/1876\/","name":"V\u00fdstava Ivety Horv\u00e1thov\u00e9 v caf\u00e9 NONA na Nov\u00e9 sc\u00e9n\u011b N\u00e1rodn\u00edho divadla do 31.12. Vernis\u00e1\u017e 18.11. v 19:00. - Ateli\u00e9r radostn\u00e9 tvorby","isPartOf":{"@id":"https:\/\/www.altanart.cz\/atelierradostnetvorby\/#website"},"primaryImageOfPage":{"@id":"https:\/\/www.altanart.cz\/atelierradostnetvorby\/2024\/11\/13\/1876\/#primaryimage"},"image":{"@id":"https:\/\/www.altanart.cz\/atelierradostnetvorby\/2024\/11\/13\/1876\/#primaryimage"},"thumbnailUrl":"https:\/\/www.altanart.cz\/atelierradostnetvorby\/wp-content\/uploads\/2024\/11\/Artboard-1-copy-724x1024.jpg","datePublished":"2024-11-13T13:10:02+00:00","dateModified":"2024-11-13T13:12:41+00:00","description":"Zaj\u00edm\u00e1te se o art brut a hled\u00e1te sou\u010dasn\u00e9 \u010desk\u00e9 autory, kte\u0159\u00ed jsou dostate\u010dn\u011b zaj\u00edmav\u00ed a autenti\u010dt\u00ed, aby mohli b\u00fdt k art brut p\u0159i\u0159azeni? Hledejte je u n\u00e1s.","breadcrumb":{"@id":"https:\/\/www.altanart.cz\/atelierradostnetvorby\/2024\/11\/13\/1876\/#breadcrumb"},"inLanguage":"cs","potentialAction":[{"@type":"ReadAction","target":["https:\/\/www.altanart.cz\/atelierradostnetvorby\/2024\/11\/13\/1876\/"]}]},{"@type":"ImageObject","inLanguage":"cs","@id":"https:\/\/www.altanart.cz\/atelierradostnetvorby\/2024\/11\/13\/1876\/#primaryimage","url":"https:\/\/www.altanart.cz\/atelierradostnetvorby\/wp-content\/uploads\/2024\/11\/Artboard-1-copy.jpg","contentUrl":"https:\/\/www.altanart.cz\/atelierradostnetvorby\/wp-content\/uploads\/2024\/11\/Artboard-1-copy.jpg","width":842,"height":1191},{"@type":"BreadcrumbList","@id":"https:\/\/www.altanart.cz\/atelierradostnetvorby\/2024\/11\/13\/1876\/#breadcrumb","itemListElement":[{"@type":"ListItem","position":1,"name":"Dom\u016f","item":"https:\/\/www.altanart.cz\/atelierradostnetvorby\/"},{"@type":"ListItem","position":2,"name":"V\u00fdstava Ivety Horv\u00e1thov\u00e9 v caf\u00e9 NONA na Nov\u00e9 sc\u00e9n\u011b N\u00e1rodn\u00edho divadla do 31.12. Vernis\u00e1\u017e 18.11. v 19:00."}]},{"@type":"WebSite","@id":"https:\/\/www.altanart.cz\/atelierradostnetvorby\/#website","url":"https:\/\/www.altanart.cz\/atelierradostnetvorby\/","name":"Ateli\u00e9r radostn\u00e9 tvorby","description":"","publisher":{"@id":"https:\/\/www.altanart.cz\/atelierradostnetvorby\/#organization"},"potentialAction":[{"@type":"SearchAction","target":{"@type":"EntryPoint","urlTemplate":"https:\/\/www.altanart.cz\/atelierradostnetvorby\/?s={search_term_string}"},"query-input":"required name=search_term_string"}],"inLanguage":"cs"},{"@type":"Organization","@id":"https:\/\/www.altanart.cz\/atelierradostnetvorby\/#organization","name":"Ateli\u00e9r radostn\u00e9 tvorby","url":"https:\/\/www.altanart.cz\/atelierradostnetvorby\/","logo":{"@type":"ImageObject","inLanguage":"cs","@id":"https:\/\/www.altanart.cz\/atelierradostnetvorby\/#\/schema\/logo\/image\/","url":"https:\/\/www.altanart.cz\/atelierradostnetvorby\/wp-content\/uploads\/2021\/07\/atelier-radostne-tvorby-logo.jpg","contentUrl":"https:\/\/www.altanart.cz\/atelierradostnetvorby\/wp-content\/uploads\/2021\/07\/atelier-radostne-tvorby-logo.jpg","width":1121,"height":485,"caption":"Ateli\u00e9r radostn\u00e9 tvorby"},"image":{"@id":"https:\/\/www.altanart.cz\/atelierradostnetvorby\/#\/schema\/logo\/image\/"}},{"@type":"Person","@id":"https:\/\/www.altanart.cz\/atelierradostnetvorby\/#\/schema\/person\/0b02fd8fdf6a78e7465c4ddfab9d5b3b","name":"spravce-art","image":{"@type":"ImageObject","inLanguage":"cs","@id":"https:\/\/www.altanart.cz\/atelierradostnetvorby\/#\/schema\/person\/image\/","url":"https:\/\/secure.gravatar.com\/avatar\/f2ba849a41ec539d582ef685d9e307c5d0e7ff90758ffb67860201d9a806280b?s=96&d=mm&r=g","contentUrl":"https:\/\/secure.gravatar.com\/avatar\/f2ba849a41ec539d582ef685d9e307c5d0e7ff90758ffb67860201d9a806280b?s=96&d=mm&r=g","caption":"spravce-art"},"url":"https:\/\/www.altanart.cz\/atelierradostnetvorby\/author\/spravce-art\/"}]}},"_links":{"self":[{"href":"https:\/\/www.altanart.cz\/atelierradostnetvorby\/wp-json\/wp\/v2\/posts\/1876","targetHints":{"allow":["GET"]}}],"collection":[{"href":"https:\/\/www.altanart.cz\/atelierradostnetvorby\/wp-json\/wp\/v2\/posts"}],"about":[{"href":"https:\/\/www.altanart.cz\/atelierradostnetvorby\/wp-json\/wp\/v2\/types\/post"}],"author":[{"embeddable":true,"href":"https:\/\/www.altanart.cz\/atelierradostnetvorby\/wp-json\/wp\/v2\/users\/2"}],"replies":[{"embeddable":true,"href":"https:\/\/www.altanart.cz\/atelierradostnetvorby\/wp-json\/wp\/v2\/comments?post=1876"}],"version-history":[{"count":2,"href":"https:\/\/www.altanart.cz\/atelierradostnetvorby\/wp-json\/wp\/v2\/posts\/1876\/revisions"}],"predecessor-version":[{"id":1880,"href":"https:\/\/www.altanart.cz\/atelierradostnetvorby\/wp-json\/wp\/v2\/posts\/1876\/revisions\/1880"}],"wp:attachment":[{"href":"https:\/\/www.altanart.cz\/atelierradostnetvorby\/wp-json\/wp\/v2\/media?parent=1876"}],"wp:term":[{"taxonomy":"category","embeddable":true,"href":"https:\/\/www.altanart.cz\/atelierradostnetvorby\/wp-json\/wp\/v2\/categories?post=1876"},{"taxonomy":"post_tag","embeddable":true,"href":"https:\/\/www.altanart.cz\/atelierradostnetvorby\/wp-json\/wp\/v2\/tags?post=1876"}],"curies":[{"name":"wp","href":"https:\/\/api.w.org\/{rel}","templated":true}]}}