{"id":1423,"date":"2024-01-03T15:16:21","date_gmt":"2024-01-03T14:16:21","guid":{"rendered":"https:\/\/www.altanart.cz\/atelierradostnetvorby\/?p=1423"},"modified":"2024-01-03T15:17:42","modified_gmt":"2024-01-03T14:17:42","slug":"mysleni-obrazem","status":"publish","type":"post","link":"https:\/\/www.altanart.cz\/atelierradostnetvorby\/2024\/01\/03\/mysleni-obrazem\/","title":{"rendered":"My\u0161len\u00ed obrazem"},"content":{"rendered":"\n<p>My\u0161len\u00ed obrazem v GHMP<\/p>\n\n\n\n<p>Miroslav Pet\u0159\u00ed\u010dek za\u0159adil d\u00edla n\u011bkter\u00fdch na\u0161ich autor\u016f do v\u00fdb\u011bru pro v\u00fdstavu My\u0161len\u00ed obrazem, kterou m\u016f\u017eete a\u017e do 28. 1. vid\u011bt v <a href=\"https:\/\/www.facebook.com\/GHMP.cz?__cft__[0]=AZUOJoTd66mrjBPn89K83l_n5qwQqRARq5bp-1zbpFeWTU6YAF8f0u4VBvxw94XPiDgDMv8398P6Ah91h_7MVZiDh_rTwcalCJY-Ps3YsJOnSfHYncI94qtpvtCeM3XxPhgGILbZYYRdNnqpwzc6ApatUwjxeYRgypJUFcym5gBZ7MszNo9VlLxS-Qbpf9SYTic&amp;__tn__=-]K-R\">Galerie hlavn\u00edho m\u011bsta Prahy<\/a>. <\/p>\n\n\n\n<p>Mezi slavn\u00fdmi jm\u00e9ny uvid\u00edte \u010dty\u0159i na\u0161e autory: Marie K\u016fsov\u00e1, Luk\u00e1\u0161 Pale\u010dek, Vojt\u011bch Proske, George Radoj\u010di\u010d. Gratulujeme a za potk\u00e1n\u00ed, ze kter\u00e9ho v\u0161e vze\u0161lo, d\u011bkujeme <a href=\"https:\/\/www.facebook.com\/profile.php?id=100085705694499&amp;__cft__[0]=AZUOJoTd66mrjBPn89K83l_n5qwQqRARq5bp-1zbpFeWTU6YAF8f0u4VBvxw94XPiDgDMv8398P6Ah91h_7MVZiDh_rTwcalCJY-Ps3YsJOnSfHYncI94qtpvtCeM3XxPhgGILbZYYRdNnqpwzc6ApatUwjxeYRgypJUFcym5gBZ7MszNo9VlLxS-Qbpf9SYTic&amp;__tn__=-]K-R\">Art brut Praha<\/a>. <\/p>\n\n\n\n<figure class=\"wp-block-image size-large\"><img loading=\"lazy\" decoding=\"async\" width=\"722\" height=\"1024\" src=\"https:\/\/www.altanart.cz\/atelierradostnetvorby\/wp-content\/uploads\/2024\/01\/Mysleni-obrazem_pozvanka-1-722x1024.jpg\" alt=\"\" class=\"wp-image-1424\" srcset=\"https:\/\/www.altanart.cz\/atelierradostnetvorby\/wp-content\/uploads\/2024\/01\/Mysleni-obrazem_pozvanka-1-722x1024.jpg 722w, https:\/\/www.altanart.cz\/atelierradostnetvorby\/wp-content\/uploads\/2024\/01\/Mysleni-obrazem_pozvanka-1-211x300.jpg 211w, https:\/\/www.altanart.cz\/atelierradostnetvorby\/wp-content\/uploads\/2024\/01\/Mysleni-obrazem_pozvanka-1-768x1090.jpg 768w, https:\/\/www.altanart.cz\/atelierradostnetvorby\/wp-content\/uploads\/2024\/01\/Mysleni-obrazem_pozvanka-1-1083x1536.jpg 1083w, https:\/\/www.altanart.cz\/atelierradostnetvorby\/wp-content\/uploads\/2024\/01\/Mysleni-obrazem_pozvanka-1-1444x2048.jpg 1444w, https:\/\/www.altanart.cz\/atelierradostnetvorby\/wp-content\/uploads\/2024\/01\/Mysleni-obrazem_pozvanka-1-42x60.jpg 42w, https:\/\/www.altanart.cz\/atelierradostnetvorby\/wp-content\/uploads\/2024\/01\/Mysleni-obrazem_pozvanka-1.jpg 1748w\" sizes=\"auto, (max-width: 722px) 100vw, 722px\" \/><\/figure>\n","protected":false},"excerpt":{"rendered":"<p>My\u0161len\u00ed obrazem v GHMP Miroslav Pet\u0159\u00ed\u010dek za\u0159adil d\u00edla n\u011bkter\u00fdch na\u0161ich &hellip; <\/p>\n","protected":false},"author":2,"featured_media":1424,"comment_status":"closed","ping_status":"closed","sticky":false,"template":"","format":"standard","meta":{"inline_featured_image":false,"ngg_post_thumbnail":0,"footnotes":""},"categories":[34],"tags":[],"class_list":["post-1423","post","type-post","status-publish","format-standard","has-post-thumbnail","hentry","category-aktuality"],"yoast_head":"<!-- This site is optimized with the Yoast SEO plugin v22.7 - https:\/\/yoast.com\/wordpress\/plugins\/seo\/ -->\n<title>My\u0161len\u00ed obrazem - Ateli\u00e9r radostn\u00e9 tvorby<\/title>\n<meta name=\"description\" content=\"Zaj\u00edm\u00e1te se o art brut a hled\u00e1te sou\u010dasn\u00e9 \u010desk\u00e9 autory, kte\u0159\u00ed jsou dostate\u010dn\u011b zaj\u00edmav\u00ed a autenti\u010dt\u00ed, aby mohli b\u00fdt k art brut p\u0159i\u0159azeni? Hledejte je u n\u00e1s.\" \/>\n<meta name=\"robots\" content=\"index, follow, max-snippet:-1, max-image-preview:large, max-video-preview:-1\" \/>\n<link rel=\"canonical\" href=\"https:\/\/www.altanart.cz\/atelierradostnetvorby\/2024\/01\/03\/mysleni-obrazem\/\" \/>\n<meta property=\"og:locale\" content=\"cs_CZ\" \/>\n<meta property=\"og:type\" content=\"article\" \/>\n<meta property=\"og:title\" content=\"My\u0161len\u00ed obrazem - Ateli\u00e9r radostn\u00e9 tvorby\" \/>\n<meta property=\"og:description\" content=\"Zaj\u00edm\u00e1te se o art brut a hled\u00e1te sou\u010dasn\u00e9 \u010desk\u00e9 autory, kte\u0159\u00ed jsou dostate\u010dn\u011b zaj\u00edmav\u00ed a autenti\u010dt\u00ed, aby mohli b\u00fdt k art brut p\u0159i\u0159azeni? Hledejte je u n\u00e1s.\" \/>\n<meta property=\"og:url\" content=\"https:\/\/www.altanart.cz\/atelierradostnetvorby\/2024\/01\/03\/mysleni-obrazem\/\" \/>\n<meta property=\"og:site_name\" content=\"Ateli\u00e9r radostn\u00e9 tvorby\" \/>\n<meta property=\"article:published_time\" content=\"2024-01-03T14:16:21+00:00\" \/>\n<meta property=\"article:modified_time\" content=\"2024-01-03T14:17:42+00:00\" \/>\n<meta property=\"og:image\" content=\"https:\/\/www.altanart.cz\/atelierradostnetvorby\/wp-content\/uploads\/2024\/01\/Mysleni-obrazem_pozvanka-1.jpg\" \/>\n\t<meta property=\"og:image:width\" content=\"1748\" \/>\n\t<meta property=\"og:image:height\" content=\"2480\" \/>\n\t<meta property=\"og:image:type\" content=\"image\/jpeg\" \/>\n<meta name=\"author\" content=\"spravce-art\" \/>\n<meta name=\"twitter:card\" content=\"summary_large_image\" \/>\n<meta name=\"twitter:label1\" content=\"Napsal(a)\" \/>\n\t<meta name=\"twitter:data1\" content=\"spravce-art\" \/>\n<script type=\"application\/ld+json\" class=\"yoast-schema-graph\">{\"@context\":\"https:\/\/schema.org\",\"@graph\":[{\"@type\":\"Article\",\"@id\":\"https:\/\/www.altanart.cz\/atelierradostnetvorby\/2024\/01\/03\/mysleni-obrazem\/#article\",\"isPartOf\":{\"@id\":\"https:\/\/www.altanart.cz\/atelierradostnetvorby\/2024\/01\/03\/mysleni-obrazem\/\"},\"author\":{\"name\":\"spravce-art\",\"@id\":\"https:\/\/www.altanart.cz\/atelierradostnetvorby\/#\/schema\/person\/0b02fd8fdf6a78e7465c4ddfab9d5b3b\"},\"headline\":\"My\u0161len\u00ed obrazem\",\"datePublished\":\"2024-01-03T14:16:21+00:00\",\"dateModified\":\"2024-01-03T14:17:42+00:00\",\"mainEntityOfPage\":{\"@id\":\"https:\/\/www.altanart.cz\/atelierradostnetvorby\/2024\/01\/03\/mysleni-obrazem\/\"},\"wordCount\":86,\"publisher\":{\"@id\":\"https:\/\/www.altanart.cz\/atelierradostnetvorby\/#organization\"},\"image\":{\"@id\":\"https:\/\/www.altanart.cz\/atelierradostnetvorby\/2024\/01\/03\/mysleni-obrazem\/#primaryimage\"},\"thumbnailUrl\":\"https:\/\/www.altanart.cz\/atelierradostnetvorby\/wp-content\/uploads\/2024\/01\/Mysleni-obrazem_pozvanka-1.jpg\",\"articleSection\":[\"Aktuality\"],\"inLanguage\":\"cs\"},{\"@type\":\"WebPage\",\"@id\":\"https:\/\/www.altanart.cz\/atelierradostnetvorby\/2024\/01\/03\/mysleni-obrazem\/\",\"url\":\"https:\/\/www.altanart.cz\/atelierradostnetvorby\/2024\/01\/03\/mysleni-obrazem\/\",\"name\":\"My\u0161len\u00ed obrazem - Ateli\u00e9r radostn\u00e9 tvorby\",\"isPartOf\":{\"@id\":\"https:\/\/www.altanart.cz\/atelierradostnetvorby\/#website\"},\"primaryImageOfPage\":{\"@id\":\"https:\/\/www.altanart.cz\/atelierradostnetvorby\/2024\/01\/03\/mysleni-obrazem\/#primaryimage\"},\"image\":{\"@id\":\"https:\/\/www.altanart.cz\/atelierradostnetvorby\/2024\/01\/03\/mysleni-obrazem\/#primaryimage\"},\"thumbnailUrl\":\"https:\/\/www.altanart.cz\/atelierradostnetvorby\/wp-content\/uploads\/2024\/01\/Mysleni-obrazem_pozvanka-1.jpg\",\"datePublished\":\"2024-01-03T14:16:21+00:00\",\"dateModified\":\"2024-01-03T14:17:42+00:00\",\"description\":\"Zaj\u00edm\u00e1te se o art brut a hled\u00e1te sou\u010dasn\u00e9 \u010desk\u00e9 autory, kte\u0159\u00ed jsou dostate\u010dn\u011b zaj\u00edmav\u00ed a autenti\u010dt\u00ed, aby mohli b\u00fdt k art brut p\u0159i\u0159azeni? Hledejte je u n\u00e1s.\",\"breadcrumb\":{\"@id\":\"https:\/\/www.altanart.cz\/atelierradostnetvorby\/2024\/01\/03\/mysleni-obrazem\/#breadcrumb\"},\"inLanguage\":\"cs\",\"potentialAction\":[{\"@type\":\"ReadAction\",\"target\":[\"https:\/\/www.altanart.cz\/atelierradostnetvorby\/2024\/01\/03\/mysleni-obrazem\/\"]}]},{\"@type\":\"ImageObject\",\"inLanguage\":\"cs\",\"@id\":\"https:\/\/www.altanart.cz\/atelierradostnetvorby\/2024\/01\/03\/mysleni-obrazem\/#primaryimage\",\"url\":\"https:\/\/www.altanart.cz\/atelierradostnetvorby\/wp-content\/uploads\/2024\/01\/Mysleni-obrazem_pozvanka-1.jpg\",\"contentUrl\":\"https:\/\/www.altanart.cz\/atelierradostnetvorby\/wp-content\/uploads\/2024\/01\/Mysleni-obrazem_pozvanka-1.jpg\",\"width\":1748,\"height\":2480},{\"@type\":\"BreadcrumbList\",\"@id\":\"https:\/\/www.altanart.cz\/atelierradostnetvorby\/2024\/01\/03\/mysleni-obrazem\/#breadcrumb\",\"itemListElement\":[{\"@type\":\"ListItem\",\"position\":1,\"name\":\"Dom\u016f\",\"item\":\"https:\/\/www.altanart.cz\/atelierradostnetvorby\/\"},{\"@type\":\"ListItem\",\"position\":2,\"name\":\"My\u0161len\u00ed obrazem\"}]},{\"@type\":\"WebSite\",\"@id\":\"https:\/\/www.altanart.cz\/atelierradostnetvorby\/#website\",\"url\":\"https:\/\/www.altanart.cz\/atelierradostnetvorby\/\",\"name\":\"Ateli\u00e9r radostn\u00e9 tvorby\",\"description\":\"\",\"publisher\":{\"@id\":\"https:\/\/www.altanart.cz\/atelierradostnetvorby\/#organization\"},\"potentialAction\":[{\"@type\":\"SearchAction\",\"target\":{\"@type\":\"EntryPoint\",\"urlTemplate\":\"https:\/\/www.altanart.cz\/atelierradostnetvorby\/?s={search_term_string}\"},\"query-input\":\"required name=search_term_string\"}],\"inLanguage\":\"cs\"},{\"@type\":\"Organization\",\"@id\":\"https:\/\/www.altanart.cz\/atelierradostnetvorby\/#organization\",\"name\":\"Ateli\u00e9r radostn\u00e9 tvorby\",\"url\":\"https:\/\/www.altanart.cz\/atelierradostnetvorby\/\",\"logo\":{\"@type\":\"ImageObject\",\"inLanguage\":\"cs\",\"@id\":\"https:\/\/www.altanart.cz\/atelierradostnetvorby\/#\/schema\/logo\/image\/\",\"url\":\"https:\/\/www.altanart.cz\/atelierradostnetvorby\/wp-content\/uploads\/2021\/07\/atelier-radostne-tvorby-logo.jpg\",\"contentUrl\":\"https:\/\/www.altanart.cz\/atelierradostnetvorby\/wp-content\/uploads\/2021\/07\/atelier-radostne-tvorby-logo.jpg\",\"width\":1121,\"height\":485,\"caption\":\"Ateli\u00e9r radostn\u00e9 tvorby\"},\"image\":{\"@id\":\"https:\/\/www.altanart.cz\/atelierradostnetvorby\/#\/schema\/logo\/image\/\"}},{\"@type\":\"Person\",\"@id\":\"https:\/\/www.altanart.cz\/atelierradostnetvorby\/#\/schema\/person\/0b02fd8fdf6a78e7465c4ddfab9d5b3b\",\"name\":\"spravce-art\",\"image\":{\"@type\":\"ImageObject\",\"inLanguage\":\"cs\",\"@id\":\"https:\/\/www.altanart.cz\/atelierradostnetvorby\/#\/schema\/person\/image\/\",\"url\":\"https:\/\/secure.gravatar.com\/avatar\/f2ba849a41ec539d582ef685d9e307c5d0e7ff90758ffb67860201d9a806280b?s=96&d=mm&r=g\",\"contentUrl\":\"https:\/\/secure.gravatar.com\/avatar\/f2ba849a41ec539d582ef685d9e307c5d0e7ff90758ffb67860201d9a806280b?s=96&d=mm&r=g\",\"caption\":\"spravce-art\"},\"url\":\"https:\/\/www.altanart.cz\/atelierradostnetvorby\/author\/spravce-art\/\"}]}<\/script>\n<!-- \/ Yoast SEO plugin. -->","yoast_head_json":{"title":"My\u0161len\u00ed obrazem - Ateli\u00e9r radostn\u00e9 tvorby","description":"Zaj\u00edm\u00e1te se o art brut a hled\u00e1te sou\u010dasn\u00e9 \u010desk\u00e9 autory, kte\u0159\u00ed jsou dostate\u010dn\u011b zaj\u00edmav\u00ed a autenti\u010dt\u00ed, aby mohli b\u00fdt k art brut p\u0159i\u0159azeni? Hledejte je u n\u00e1s.","robots":{"index":"index","follow":"follow","max-snippet":"max-snippet:-1","max-image-preview":"max-image-preview:large","max-video-preview":"max-video-preview:-1"},"canonical":"https:\/\/www.altanart.cz\/atelierradostnetvorby\/2024\/01\/03\/mysleni-obrazem\/","og_locale":"cs_CZ","og_type":"article","og_title":"My\u0161len\u00ed obrazem - Ateli\u00e9r radostn\u00e9 tvorby","og_description":"Zaj\u00edm\u00e1te se o art brut a hled\u00e1te sou\u010dasn\u00e9 \u010desk\u00e9 autory, kte\u0159\u00ed jsou dostate\u010dn\u011b zaj\u00edmav\u00ed a autenti\u010dt\u00ed, aby mohli b\u00fdt k art brut p\u0159i\u0159azeni? Hledejte je u n\u00e1s.","og_url":"https:\/\/www.altanart.cz\/atelierradostnetvorby\/2024\/01\/03\/mysleni-obrazem\/","og_site_name":"Ateli\u00e9r radostn\u00e9 tvorby","article_published_time":"2024-01-03T14:16:21+00:00","article_modified_time":"2024-01-03T14:17:42+00:00","og_image":[{"width":1748,"height":2480,"url":"https:\/\/www.altanart.cz\/atelierradostnetvorby\/wp-content\/uploads\/2024\/01\/Mysleni-obrazem_pozvanka-1.jpg","type":"image\/jpeg"}],"author":"spravce-art","twitter_card":"summary_large_image","twitter_misc":{"Napsal(a)":"spravce-art"},"schema":{"@context":"https:\/\/schema.org","@graph":[{"@type":"Article","@id":"https:\/\/www.altanart.cz\/atelierradostnetvorby\/2024\/01\/03\/mysleni-obrazem\/#article","isPartOf":{"@id":"https:\/\/www.altanart.cz\/atelierradostnetvorby\/2024\/01\/03\/mysleni-obrazem\/"},"author":{"name":"spravce-art","@id":"https:\/\/www.altanart.cz\/atelierradostnetvorby\/#\/schema\/person\/0b02fd8fdf6a78e7465c4ddfab9d5b3b"},"headline":"My\u0161len\u00ed obrazem","datePublished":"2024-01-03T14:16:21+00:00","dateModified":"2024-01-03T14:17:42+00:00","mainEntityOfPage":{"@id":"https:\/\/www.altanart.cz\/atelierradostnetvorby\/2024\/01\/03\/mysleni-obrazem\/"},"wordCount":86,"publisher":{"@id":"https:\/\/www.altanart.cz\/atelierradostnetvorby\/#organization"},"image":{"@id":"https:\/\/www.altanart.cz\/atelierradostnetvorby\/2024\/01\/03\/mysleni-obrazem\/#primaryimage"},"thumbnailUrl":"https:\/\/www.altanart.cz\/atelierradostnetvorby\/wp-content\/uploads\/2024\/01\/Mysleni-obrazem_pozvanka-1.jpg","articleSection":["Aktuality"],"inLanguage":"cs"},{"@type":"WebPage","@id":"https:\/\/www.altanart.cz\/atelierradostnetvorby\/2024\/01\/03\/mysleni-obrazem\/","url":"https:\/\/www.altanart.cz\/atelierradostnetvorby\/2024\/01\/03\/mysleni-obrazem\/","name":"My\u0161len\u00ed obrazem - Ateli\u00e9r radostn\u00e9 tvorby","isPartOf":{"@id":"https:\/\/www.altanart.cz\/atelierradostnetvorby\/#website"},"primaryImageOfPage":{"@id":"https:\/\/www.altanart.cz\/atelierradostnetvorby\/2024\/01\/03\/mysleni-obrazem\/#primaryimage"},"image":{"@id":"https:\/\/www.altanart.cz\/atelierradostnetvorby\/2024\/01\/03\/mysleni-obrazem\/#primaryimage"},"thumbnailUrl":"https:\/\/www.altanart.cz\/atelierradostnetvorby\/wp-content\/uploads\/2024\/01\/Mysleni-obrazem_pozvanka-1.jpg","datePublished":"2024-01-03T14:16:21+00:00","dateModified":"2024-01-03T14:17:42+00:00","description":"Zaj\u00edm\u00e1te se o art brut a hled\u00e1te sou\u010dasn\u00e9 \u010desk\u00e9 autory, kte\u0159\u00ed jsou dostate\u010dn\u011b zaj\u00edmav\u00ed a autenti\u010dt\u00ed, aby mohli b\u00fdt k art brut p\u0159i\u0159azeni? Hledejte je u n\u00e1s.","breadcrumb":{"@id":"https:\/\/www.altanart.cz\/atelierradostnetvorby\/2024\/01\/03\/mysleni-obrazem\/#breadcrumb"},"inLanguage":"cs","potentialAction":[{"@type":"ReadAction","target":["https:\/\/www.altanart.cz\/atelierradostnetvorby\/2024\/01\/03\/mysleni-obrazem\/"]}]},{"@type":"ImageObject","inLanguage":"cs","@id":"https:\/\/www.altanart.cz\/atelierradostnetvorby\/2024\/01\/03\/mysleni-obrazem\/#primaryimage","url":"https:\/\/www.altanart.cz\/atelierradostnetvorby\/wp-content\/uploads\/2024\/01\/Mysleni-obrazem_pozvanka-1.jpg","contentUrl":"https:\/\/www.altanart.cz\/atelierradostnetvorby\/wp-content\/uploads\/2024\/01\/Mysleni-obrazem_pozvanka-1.jpg","width":1748,"height":2480},{"@type":"BreadcrumbList","@id":"https:\/\/www.altanart.cz\/atelierradostnetvorby\/2024\/01\/03\/mysleni-obrazem\/#breadcrumb","itemListElement":[{"@type":"ListItem","position":1,"name":"Dom\u016f","item":"https:\/\/www.altanart.cz\/atelierradostnetvorby\/"},{"@type":"ListItem","position":2,"name":"My\u0161len\u00ed obrazem"}]},{"@type":"WebSite","@id":"https:\/\/www.altanart.cz\/atelierradostnetvorby\/#website","url":"https:\/\/www.altanart.cz\/atelierradostnetvorby\/","name":"Ateli\u00e9r radostn\u00e9 tvorby","description":"","publisher":{"@id":"https:\/\/www.altanart.cz\/atelierradostnetvorby\/#organization"},"potentialAction":[{"@type":"SearchAction","target":{"@type":"EntryPoint","urlTemplate":"https:\/\/www.altanart.cz\/atelierradostnetvorby\/?s={search_term_string}"},"query-input":"required name=search_term_string"}],"inLanguage":"cs"},{"@type":"Organization","@id":"https:\/\/www.altanart.cz\/atelierradostnetvorby\/#organization","name":"Ateli\u00e9r radostn\u00e9 tvorby","url":"https:\/\/www.altanart.cz\/atelierradostnetvorby\/","logo":{"@type":"ImageObject","inLanguage":"cs","@id":"https:\/\/www.altanart.cz\/atelierradostnetvorby\/#\/schema\/logo\/image\/","url":"https:\/\/www.altanart.cz\/atelierradostnetvorby\/wp-content\/uploads\/2021\/07\/atelier-radostne-tvorby-logo.jpg","contentUrl":"https:\/\/www.altanart.cz\/atelierradostnetvorby\/wp-content\/uploads\/2021\/07\/atelier-radostne-tvorby-logo.jpg","width":1121,"height":485,"caption":"Ateli\u00e9r radostn\u00e9 tvorby"},"image":{"@id":"https:\/\/www.altanart.cz\/atelierradostnetvorby\/#\/schema\/logo\/image\/"}},{"@type":"Person","@id":"https:\/\/www.altanart.cz\/atelierradostnetvorby\/#\/schema\/person\/0b02fd8fdf6a78e7465c4ddfab9d5b3b","name":"spravce-art","image":{"@type":"ImageObject","inLanguage":"cs","@id":"https:\/\/www.altanart.cz\/atelierradostnetvorby\/#\/schema\/person\/image\/","url":"https:\/\/secure.gravatar.com\/avatar\/f2ba849a41ec539d582ef685d9e307c5d0e7ff90758ffb67860201d9a806280b?s=96&d=mm&r=g","contentUrl":"https:\/\/secure.gravatar.com\/avatar\/f2ba849a41ec539d582ef685d9e307c5d0e7ff90758ffb67860201d9a806280b?s=96&d=mm&r=g","caption":"spravce-art"},"url":"https:\/\/www.altanart.cz\/atelierradostnetvorby\/author\/spravce-art\/"}]}},"_links":{"self":[{"href":"https:\/\/www.altanart.cz\/atelierradostnetvorby\/wp-json\/wp\/v2\/posts\/1423","targetHints":{"allow":["GET"]}}],"collection":[{"href":"https:\/\/www.altanart.cz\/atelierradostnetvorby\/wp-json\/wp\/v2\/posts"}],"about":[{"href":"https:\/\/www.altanart.cz\/atelierradostnetvorby\/wp-json\/wp\/v2\/types\/post"}],"author":[{"embeddable":true,"href":"https:\/\/www.altanart.cz\/atelierradostnetvorby\/wp-json\/wp\/v2\/users\/2"}],"replies":[{"embeddable":true,"href":"https:\/\/www.altanart.cz\/atelierradostnetvorby\/wp-json\/wp\/v2\/comments?post=1423"}],"version-history":[{"count":2,"href":"https:\/\/www.altanart.cz\/atelierradostnetvorby\/wp-json\/wp\/v2\/posts\/1423\/revisions"}],"predecessor-version":[{"id":1426,"href":"https:\/\/www.altanart.cz\/atelierradostnetvorby\/wp-json\/wp\/v2\/posts\/1423\/revisions\/1426"}],"wp:featuredmedia":[{"embeddable":true,"href":"https:\/\/www.altanart.cz\/atelierradostnetvorby\/wp-json\/wp\/v2\/media\/1424"}],"wp:attachment":[{"href":"https:\/\/www.altanart.cz\/atelierradostnetvorby\/wp-json\/wp\/v2\/media?parent=1423"}],"wp:term":[{"taxonomy":"category","embeddable":true,"href":"https:\/\/www.altanart.cz\/atelierradostnetvorby\/wp-json\/wp\/v2\/categories?post=1423"},{"taxonomy":"post_tag","embeddable":true,"href":"https:\/\/www.altanart.cz\/atelierradostnetvorby\/wp-json\/wp\/v2\/tags?post=1423"}],"curies":[{"name":"wp","href":"https:\/\/api.w.org\/{rel}","templated":true}]}}