{"id":1234,"date":"2022-09-23T12:38:44","date_gmt":"2022-09-23T10:38:44","guid":{"rendered":"https:\/\/www.altanart.cz\/atelierradostnetvorby\/?p=1234"},"modified":"2022-09-23T12:40:23","modified_gmt":"2022-09-23T10:40:23","slug":"galerie-art-brut-praha","status":"publish","type":"post","link":"https:\/\/www.altanart.cz\/atelierradostnetvorby\/2022\/09\/23\/galerie-art-brut-praha\/","title":{"rendered":"Galerie Art Brut Praha"},"content":{"rendered":"\n<figure class=\"wp-block-image size-full\"><img loading=\"lazy\" decoding=\"async\" width=\"1000\" height=\"665\" src=\"https:\/\/www.altanart.cz\/atelierradostnetvorby\/wp-content\/uploads\/2022\/09\/Foto_Martin_VLCEK_22.09.2022-3.jpg\" alt=\"\" class=\"wp-image-1235\" srcset=\"https:\/\/www.altanart.cz\/atelierradostnetvorby\/wp-content\/uploads\/2022\/09\/Foto_Martin_VLCEK_22.09.2022-3.jpg 1000w, https:\/\/www.altanart.cz\/atelierradostnetvorby\/wp-content\/uploads\/2022\/09\/Foto_Martin_VLCEK_22.09.2022-3-300x200.jpg 300w, https:\/\/www.altanart.cz\/atelierradostnetvorby\/wp-content\/uploads\/2022\/09\/Foto_Martin_VLCEK_22.09.2022-3-768x511.jpg 768w, https:\/\/www.altanart.cz\/atelierradostnetvorby\/wp-content\/uploads\/2022\/09\/Foto_Martin_VLCEK_22.09.2022-3-90x60.jpg 90w, https:\/\/www.altanart.cz\/atelierradostnetvorby\/wp-content\/uploads\/2022\/09\/Foto_Martin_VLCEK_22.09.2022-3-840x560.jpg 840w\" sizes=\"auto, (max-width: 1000px) 100vw, 1000px\" \/><\/figure>\n\n\n\n<p>V Praze na Zderaze vznikla nov\u00e1 galerie zam\u011b\u0159en\u00e1 na Art Brut. Jej\u00ed kur\u00e1tor Jarom\u00edr Typlt jako prvn\u00ed v\u00fdstavu zvolil vybran\u00fd zlomek tvorby na\u0161eho ateli\u00e9ru. V\u0159ele zveme k n\u00e1v\u0161t\u011bv\u011b. \/ Galerie Art brut Praha, Resslova 6, Praha 2<\/p>\n\n\n\n<p><\/p>\n\n\n\n<p><\/p>\n","protected":false},"excerpt":{"rendered":"<p>V Praze na Zderaze vznikla nov\u00e1 galerie zam\u011b\u0159en\u00e1 na Art &hellip; <\/p>\n","protected":false},"author":2,"featured_media":1235,"comment_status":"closed","ping_status":"closed","sticky":false,"template":"","format":"standard","meta":{"inline_featured_image":false,"ngg_post_thumbnail":0,"footnotes":""},"categories":[34],"tags":[],"class_list":["post-1234","post","type-post","status-publish","format-standard","has-post-thumbnail","hentry","category-aktuality"],"yoast_head":"<!-- This site is optimized with the Yoast SEO plugin v22.7 - https:\/\/yoast.com\/wordpress\/plugins\/seo\/ -->\n<title>Galerie Art Brut Praha - Ateli\u00e9r radostn\u00e9 tvorby<\/title>\n<meta name=\"description\" content=\"Zaj\u00edm\u00e1te se o art brut a hled\u00e1te sou\u010dasn\u00e9 \u010desk\u00e9 autory, kte\u0159\u00ed jsou dostate\u010dn\u011b zaj\u00edmav\u00ed a autenti\u010dt\u00ed, aby mohli b\u00fdt k art brut p\u0159i\u0159azeni? Hledejte je u n\u00e1s.\" \/>\n<meta name=\"robots\" content=\"index, follow, max-snippet:-1, max-image-preview:large, max-video-preview:-1\" \/>\n<link rel=\"canonical\" href=\"https:\/\/www.altanart.cz\/atelierradostnetvorby\/2022\/09\/23\/galerie-art-brut-praha\/\" \/>\n<meta property=\"og:locale\" content=\"cs_CZ\" \/>\n<meta property=\"og:type\" content=\"article\" \/>\n<meta property=\"og:title\" content=\"Galerie Art Brut Praha - Ateli\u00e9r radostn\u00e9 tvorby\" \/>\n<meta property=\"og:description\" content=\"Zaj\u00edm\u00e1te se o art brut a hled\u00e1te sou\u010dasn\u00e9 \u010desk\u00e9 autory, kte\u0159\u00ed jsou dostate\u010dn\u011b zaj\u00edmav\u00ed a autenti\u010dt\u00ed, aby mohli b\u00fdt k art brut p\u0159i\u0159azeni? Hledejte je u n\u00e1s.\" \/>\n<meta property=\"og:url\" content=\"https:\/\/www.altanart.cz\/atelierradostnetvorby\/2022\/09\/23\/galerie-art-brut-praha\/\" \/>\n<meta property=\"og:site_name\" content=\"Ateli\u00e9r radostn\u00e9 tvorby\" \/>\n<meta property=\"article:published_time\" content=\"2022-09-23T10:38:44+00:00\" \/>\n<meta property=\"article:modified_time\" content=\"2022-09-23T10:40:23+00:00\" \/>\n<meta property=\"og:image\" content=\"https:\/\/www.altanart.cz\/atelierradostnetvorby\/wp-content\/uploads\/2022\/09\/Foto_Martin_VLCEK_22.09.2022-3.jpg\" \/>\n\t<meta property=\"og:image:width\" content=\"1000\" \/>\n\t<meta property=\"og:image:height\" content=\"665\" \/>\n\t<meta property=\"og:image:type\" content=\"image\/jpeg\" \/>\n<meta name=\"author\" content=\"spravce-art\" \/>\n<meta name=\"twitter:card\" content=\"summary_large_image\" \/>\n<meta name=\"twitter:label1\" content=\"Napsal(a)\" \/>\n\t<meta name=\"twitter:data1\" content=\"spravce-art\" \/>\n\t<meta name=\"twitter:label2\" content=\"Odhadovan\u00e1 doba \u010dten\u00ed\" \/>\n\t<meta name=\"twitter:data2\" content=\"1 minuta\" \/>\n<script type=\"application\/ld+json\" class=\"yoast-schema-graph\">{\"@context\":\"https:\/\/schema.org\",\"@graph\":[{\"@type\":\"Article\",\"@id\":\"https:\/\/www.altanart.cz\/atelierradostnetvorby\/2022\/09\/23\/galerie-art-brut-praha\/#article\",\"isPartOf\":{\"@id\":\"https:\/\/www.altanart.cz\/atelierradostnetvorby\/2022\/09\/23\/galerie-art-brut-praha\/\"},\"author\":{\"name\":\"spravce-art\",\"@id\":\"https:\/\/www.altanart.cz\/atelierradostnetvorby\/#\/schema\/person\/0b02fd8fdf6a78e7465c4ddfab9d5b3b\"},\"headline\":\"Galerie Art Brut Praha\",\"datePublished\":\"2022-09-23T10:38:44+00:00\",\"dateModified\":\"2022-09-23T10:40:23+00:00\",\"mainEntityOfPage\":{\"@id\":\"https:\/\/www.altanart.cz\/atelierradostnetvorby\/2022\/09\/23\/galerie-art-brut-praha\/\"},\"wordCount\":48,\"publisher\":{\"@id\":\"https:\/\/www.altanart.cz\/atelierradostnetvorby\/#organization\"},\"image\":{\"@id\":\"https:\/\/www.altanart.cz\/atelierradostnetvorby\/2022\/09\/23\/galerie-art-brut-praha\/#primaryimage\"},\"thumbnailUrl\":\"https:\/\/www.altanart.cz\/atelierradostnetvorby\/wp-content\/uploads\/2022\/09\/Foto_Martin_VLCEK_22.09.2022-3.jpg\",\"articleSection\":[\"Aktuality\"],\"inLanguage\":\"cs\"},{\"@type\":\"WebPage\",\"@id\":\"https:\/\/www.altanart.cz\/atelierradostnetvorby\/2022\/09\/23\/galerie-art-brut-praha\/\",\"url\":\"https:\/\/www.altanart.cz\/atelierradostnetvorby\/2022\/09\/23\/galerie-art-brut-praha\/\",\"name\":\"Galerie Art Brut Praha - Ateli\u00e9r radostn\u00e9 tvorby\",\"isPartOf\":{\"@id\":\"https:\/\/www.altanart.cz\/atelierradostnetvorby\/#website\"},\"primaryImageOfPage\":{\"@id\":\"https:\/\/www.altanart.cz\/atelierradostnetvorby\/2022\/09\/23\/galerie-art-brut-praha\/#primaryimage\"},\"image\":{\"@id\":\"https:\/\/www.altanart.cz\/atelierradostnetvorby\/2022\/09\/23\/galerie-art-brut-praha\/#primaryimage\"},\"thumbnailUrl\":\"https:\/\/www.altanart.cz\/atelierradostnetvorby\/wp-content\/uploads\/2022\/09\/Foto_Martin_VLCEK_22.09.2022-3.jpg\",\"datePublished\":\"2022-09-23T10:38:44+00:00\",\"dateModified\":\"2022-09-23T10:40:23+00:00\",\"description\":\"Zaj\u00edm\u00e1te se o art brut a hled\u00e1te sou\u010dasn\u00e9 \u010desk\u00e9 autory, kte\u0159\u00ed jsou dostate\u010dn\u011b zaj\u00edmav\u00ed a autenti\u010dt\u00ed, aby mohli b\u00fdt k art brut p\u0159i\u0159azeni? Hledejte je u n\u00e1s.\",\"breadcrumb\":{\"@id\":\"https:\/\/www.altanart.cz\/atelierradostnetvorby\/2022\/09\/23\/galerie-art-brut-praha\/#breadcrumb\"},\"inLanguage\":\"cs\",\"potentialAction\":[{\"@type\":\"ReadAction\",\"target\":[\"https:\/\/www.altanart.cz\/atelierradostnetvorby\/2022\/09\/23\/galerie-art-brut-praha\/\"]}]},{\"@type\":\"ImageObject\",\"inLanguage\":\"cs\",\"@id\":\"https:\/\/www.altanart.cz\/atelierradostnetvorby\/2022\/09\/23\/galerie-art-brut-praha\/#primaryimage\",\"url\":\"https:\/\/www.altanart.cz\/atelierradostnetvorby\/wp-content\/uploads\/2022\/09\/Foto_Martin_VLCEK_22.09.2022-3.jpg\",\"contentUrl\":\"https:\/\/www.altanart.cz\/atelierradostnetvorby\/wp-content\/uploads\/2022\/09\/Foto_Martin_VLCEK_22.09.2022-3.jpg\",\"width\":1000,\"height\":665},{\"@type\":\"BreadcrumbList\",\"@id\":\"https:\/\/www.altanart.cz\/atelierradostnetvorby\/2022\/09\/23\/galerie-art-brut-praha\/#breadcrumb\",\"itemListElement\":[{\"@type\":\"ListItem\",\"position\":1,\"name\":\"Dom\u016f\",\"item\":\"https:\/\/www.altanart.cz\/atelierradostnetvorby\/\"},{\"@type\":\"ListItem\",\"position\":2,\"name\":\"Galerie Art Brut Praha\"}]},{\"@type\":\"WebSite\",\"@id\":\"https:\/\/www.altanart.cz\/atelierradostnetvorby\/#website\",\"url\":\"https:\/\/www.altanart.cz\/atelierradostnetvorby\/\",\"name\":\"Ateli\u00e9r radostn\u00e9 tvorby\",\"description\":\"\",\"publisher\":{\"@id\":\"https:\/\/www.altanart.cz\/atelierradostnetvorby\/#organization\"},\"potentialAction\":[{\"@type\":\"SearchAction\",\"target\":{\"@type\":\"EntryPoint\",\"urlTemplate\":\"https:\/\/www.altanart.cz\/atelierradostnetvorby\/?s={search_term_string}\"},\"query-input\":\"required name=search_term_string\"}],\"inLanguage\":\"cs\"},{\"@type\":\"Organization\",\"@id\":\"https:\/\/www.altanart.cz\/atelierradostnetvorby\/#organization\",\"name\":\"Ateli\u00e9r radostn\u00e9 tvorby\",\"url\":\"https:\/\/www.altanart.cz\/atelierradostnetvorby\/\",\"logo\":{\"@type\":\"ImageObject\",\"inLanguage\":\"cs\",\"@id\":\"https:\/\/www.altanart.cz\/atelierradostnetvorby\/#\/schema\/logo\/image\/\",\"url\":\"https:\/\/www.altanart.cz\/atelierradostnetvorby\/wp-content\/uploads\/2021\/07\/atelier-radostne-tvorby-logo.jpg\",\"contentUrl\":\"https:\/\/www.altanart.cz\/atelierradostnetvorby\/wp-content\/uploads\/2021\/07\/atelier-radostne-tvorby-logo.jpg\",\"width\":1121,\"height\":485,\"caption\":\"Ateli\u00e9r radostn\u00e9 tvorby\"},\"image\":{\"@id\":\"https:\/\/www.altanart.cz\/atelierradostnetvorby\/#\/schema\/logo\/image\/\"}},{\"@type\":\"Person\",\"@id\":\"https:\/\/www.altanart.cz\/atelierradostnetvorby\/#\/schema\/person\/0b02fd8fdf6a78e7465c4ddfab9d5b3b\",\"name\":\"spravce-art\",\"image\":{\"@type\":\"ImageObject\",\"inLanguage\":\"cs\",\"@id\":\"https:\/\/www.altanart.cz\/atelierradostnetvorby\/#\/schema\/person\/image\/\",\"url\":\"https:\/\/secure.gravatar.com\/avatar\/f2ba849a41ec539d582ef685d9e307c5d0e7ff90758ffb67860201d9a806280b?s=96&d=mm&r=g\",\"contentUrl\":\"https:\/\/secure.gravatar.com\/avatar\/f2ba849a41ec539d582ef685d9e307c5d0e7ff90758ffb67860201d9a806280b?s=96&d=mm&r=g\",\"caption\":\"spravce-art\"},\"url\":\"https:\/\/www.altanart.cz\/atelierradostnetvorby\/author\/spravce-art\/\"}]}<\/script>\n<!-- \/ Yoast SEO plugin. -->","yoast_head_json":{"title":"Galerie Art Brut Praha - Ateli\u00e9r radostn\u00e9 tvorby","description":"Zaj\u00edm\u00e1te se o art brut a hled\u00e1te sou\u010dasn\u00e9 \u010desk\u00e9 autory, kte\u0159\u00ed jsou dostate\u010dn\u011b zaj\u00edmav\u00ed a autenti\u010dt\u00ed, aby mohli b\u00fdt k art brut p\u0159i\u0159azeni? Hledejte je u n\u00e1s.","robots":{"index":"index","follow":"follow","max-snippet":"max-snippet:-1","max-image-preview":"max-image-preview:large","max-video-preview":"max-video-preview:-1"},"canonical":"https:\/\/www.altanart.cz\/atelierradostnetvorby\/2022\/09\/23\/galerie-art-brut-praha\/","og_locale":"cs_CZ","og_type":"article","og_title":"Galerie Art Brut Praha - Ateli\u00e9r radostn\u00e9 tvorby","og_description":"Zaj\u00edm\u00e1te se o art brut a hled\u00e1te sou\u010dasn\u00e9 \u010desk\u00e9 autory, kte\u0159\u00ed jsou dostate\u010dn\u011b zaj\u00edmav\u00ed a autenti\u010dt\u00ed, aby mohli b\u00fdt k art brut p\u0159i\u0159azeni? Hledejte je u n\u00e1s.","og_url":"https:\/\/www.altanart.cz\/atelierradostnetvorby\/2022\/09\/23\/galerie-art-brut-praha\/","og_site_name":"Ateli\u00e9r radostn\u00e9 tvorby","article_published_time":"2022-09-23T10:38:44+00:00","article_modified_time":"2022-09-23T10:40:23+00:00","og_image":[{"width":1000,"height":665,"url":"https:\/\/www.altanart.cz\/atelierradostnetvorby\/wp-content\/uploads\/2022\/09\/Foto_Martin_VLCEK_22.09.2022-3.jpg","type":"image\/jpeg"}],"author":"spravce-art","twitter_card":"summary_large_image","twitter_misc":{"Napsal(a)":"spravce-art","Odhadovan\u00e1 doba \u010dten\u00ed":"1 minuta"},"schema":{"@context":"https:\/\/schema.org","@graph":[{"@type":"Article","@id":"https:\/\/www.altanart.cz\/atelierradostnetvorby\/2022\/09\/23\/galerie-art-brut-praha\/#article","isPartOf":{"@id":"https:\/\/www.altanart.cz\/atelierradostnetvorby\/2022\/09\/23\/galerie-art-brut-praha\/"},"author":{"name":"spravce-art","@id":"https:\/\/www.altanart.cz\/atelierradostnetvorby\/#\/schema\/person\/0b02fd8fdf6a78e7465c4ddfab9d5b3b"},"headline":"Galerie Art Brut Praha","datePublished":"2022-09-23T10:38:44+00:00","dateModified":"2022-09-23T10:40:23+00:00","mainEntityOfPage":{"@id":"https:\/\/www.altanart.cz\/atelierradostnetvorby\/2022\/09\/23\/galerie-art-brut-praha\/"},"wordCount":48,"publisher":{"@id":"https:\/\/www.altanart.cz\/atelierradostnetvorby\/#organization"},"image":{"@id":"https:\/\/www.altanart.cz\/atelierradostnetvorby\/2022\/09\/23\/galerie-art-brut-praha\/#primaryimage"},"thumbnailUrl":"https:\/\/www.altanart.cz\/atelierradostnetvorby\/wp-content\/uploads\/2022\/09\/Foto_Martin_VLCEK_22.09.2022-3.jpg","articleSection":["Aktuality"],"inLanguage":"cs"},{"@type":"WebPage","@id":"https:\/\/www.altanart.cz\/atelierradostnetvorby\/2022\/09\/23\/galerie-art-brut-praha\/","url":"https:\/\/www.altanart.cz\/atelierradostnetvorby\/2022\/09\/23\/galerie-art-brut-praha\/","name":"Galerie Art Brut Praha - Ateli\u00e9r radostn\u00e9 tvorby","isPartOf":{"@id":"https:\/\/www.altanart.cz\/atelierradostnetvorby\/#website"},"primaryImageOfPage":{"@id":"https:\/\/www.altanart.cz\/atelierradostnetvorby\/2022\/09\/23\/galerie-art-brut-praha\/#primaryimage"},"image":{"@id":"https:\/\/www.altanart.cz\/atelierradostnetvorby\/2022\/09\/23\/galerie-art-brut-praha\/#primaryimage"},"thumbnailUrl":"https:\/\/www.altanart.cz\/atelierradostnetvorby\/wp-content\/uploads\/2022\/09\/Foto_Martin_VLCEK_22.09.2022-3.jpg","datePublished":"2022-09-23T10:38:44+00:00","dateModified":"2022-09-23T10:40:23+00:00","description":"Zaj\u00edm\u00e1te se o art brut a hled\u00e1te sou\u010dasn\u00e9 \u010desk\u00e9 autory, kte\u0159\u00ed jsou dostate\u010dn\u011b zaj\u00edmav\u00ed a autenti\u010dt\u00ed, aby mohli b\u00fdt k art brut p\u0159i\u0159azeni? Hledejte je u n\u00e1s.","breadcrumb":{"@id":"https:\/\/www.altanart.cz\/atelierradostnetvorby\/2022\/09\/23\/galerie-art-brut-praha\/#breadcrumb"},"inLanguage":"cs","potentialAction":[{"@type":"ReadAction","target":["https:\/\/www.altanart.cz\/atelierradostnetvorby\/2022\/09\/23\/galerie-art-brut-praha\/"]}]},{"@type":"ImageObject","inLanguage":"cs","@id":"https:\/\/www.altanart.cz\/atelierradostnetvorby\/2022\/09\/23\/galerie-art-brut-praha\/#primaryimage","url":"https:\/\/www.altanart.cz\/atelierradostnetvorby\/wp-content\/uploads\/2022\/09\/Foto_Martin_VLCEK_22.09.2022-3.jpg","contentUrl":"https:\/\/www.altanart.cz\/atelierradostnetvorby\/wp-content\/uploads\/2022\/09\/Foto_Martin_VLCEK_22.09.2022-3.jpg","width":1000,"height":665},{"@type":"BreadcrumbList","@id":"https:\/\/www.altanart.cz\/atelierradostnetvorby\/2022\/09\/23\/galerie-art-brut-praha\/#breadcrumb","itemListElement":[{"@type":"ListItem","position":1,"name":"Dom\u016f","item":"https:\/\/www.altanart.cz\/atelierradostnetvorby\/"},{"@type":"ListItem","position":2,"name":"Galerie Art Brut Praha"}]},{"@type":"WebSite","@id":"https:\/\/www.altanart.cz\/atelierradostnetvorby\/#website","url":"https:\/\/www.altanart.cz\/atelierradostnetvorby\/","name":"Ateli\u00e9r radostn\u00e9 tvorby","description":"","publisher":{"@id":"https:\/\/www.altanart.cz\/atelierradostnetvorby\/#organization"},"potentialAction":[{"@type":"SearchAction","target":{"@type":"EntryPoint","urlTemplate":"https:\/\/www.altanart.cz\/atelierradostnetvorby\/?s={search_term_string}"},"query-input":"required name=search_term_string"}],"inLanguage":"cs"},{"@type":"Organization","@id":"https:\/\/www.altanart.cz\/atelierradostnetvorby\/#organization","name":"Ateli\u00e9r radostn\u00e9 tvorby","url":"https:\/\/www.altanart.cz\/atelierradostnetvorby\/","logo":{"@type":"ImageObject","inLanguage":"cs","@id":"https:\/\/www.altanart.cz\/atelierradostnetvorby\/#\/schema\/logo\/image\/","url":"https:\/\/www.altanart.cz\/atelierradostnetvorby\/wp-content\/uploads\/2021\/07\/atelier-radostne-tvorby-logo.jpg","contentUrl":"https:\/\/www.altanart.cz\/atelierradostnetvorby\/wp-content\/uploads\/2021\/07\/atelier-radostne-tvorby-logo.jpg","width":1121,"height":485,"caption":"Ateli\u00e9r radostn\u00e9 tvorby"},"image":{"@id":"https:\/\/www.altanart.cz\/atelierradostnetvorby\/#\/schema\/logo\/image\/"}},{"@type":"Person","@id":"https:\/\/www.altanart.cz\/atelierradostnetvorby\/#\/schema\/person\/0b02fd8fdf6a78e7465c4ddfab9d5b3b","name":"spravce-art","image":{"@type":"ImageObject","inLanguage":"cs","@id":"https:\/\/www.altanart.cz\/atelierradostnetvorby\/#\/schema\/person\/image\/","url":"https:\/\/secure.gravatar.com\/avatar\/f2ba849a41ec539d582ef685d9e307c5d0e7ff90758ffb67860201d9a806280b?s=96&d=mm&r=g","contentUrl":"https:\/\/secure.gravatar.com\/avatar\/f2ba849a41ec539d582ef685d9e307c5d0e7ff90758ffb67860201d9a806280b?s=96&d=mm&r=g","caption":"spravce-art"},"url":"https:\/\/www.altanart.cz\/atelierradostnetvorby\/author\/spravce-art\/"}]}},"_links":{"self":[{"href":"https:\/\/www.altanart.cz\/atelierradostnetvorby\/wp-json\/wp\/v2\/posts\/1234","targetHints":{"allow":["GET"]}}],"collection":[{"href":"https:\/\/www.altanart.cz\/atelierradostnetvorby\/wp-json\/wp\/v2\/posts"}],"about":[{"href":"https:\/\/www.altanart.cz\/atelierradostnetvorby\/wp-json\/wp\/v2\/types\/post"}],"author":[{"embeddable":true,"href":"https:\/\/www.altanart.cz\/atelierradostnetvorby\/wp-json\/wp\/v2\/users\/2"}],"replies":[{"embeddable":true,"href":"https:\/\/www.altanart.cz\/atelierradostnetvorby\/wp-json\/wp\/v2\/comments?post=1234"}],"version-history":[{"count":2,"href":"https:\/\/www.altanart.cz\/atelierradostnetvorby\/wp-json\/wp\/v2\/posts\/1234\/revisions"}],"predecessor-version":[{"id":1237,"href":"https:\/\/www.altanart.cz\/atelierradostnetvorby\/wp-json\/wp\/v2\/posts\/1234\/revisions\/1237"}],"wp:featuredmedia":[{"embeddable":true,"href":"https:\/\/www.altanart.cz\/atelierradostnetvorby\/wp-json\/wp\/v2\/media\/1235"}],"wp:attachment":[{"href":"https:\/\/www.altanart.cz\/atelierradostnetvorby\/wp-json\/wp\/v2\/media?parent=1234"}],"wp:term":[{"taxonomy":"category","embeddable":true,"href":"https:\/\/www.altanart.cz\/atelierradostnetvorby\/wp-json\/wp\/v2\/categories?post=1234"},{"taxonomy":"post_tag","embeddable":true,"href":"https:\/\/www.altanart.cz\/atelierradostnetvorby\/wp-json\/wp\/v2\/tags?post=1234"}],"curies":[{"name":"wp","href":"https:\/\/api.w.org\/{rel}","templated":true}]}}